{"id":321,"date":"2021-06-23T20:15:42","date_gmt":"2021-06-23T17:15:42","guid":{"rendered":"http:\/\/www.kurkkumarkkinat.fi\/?p=321"},"modified":"2021-06-23T20:16:56","modified_gmt":"2021-06-23T17:16:56","slug":"askaisten-kurkkumarkkinat-14-8-2021-klo-10-15","status":"publish","type":"post","link":"https:\/\/www.kurkkumarkkinat.fi\/?p=321","title":{"rendered":"Askaisten Kurkkumarkkinat 14.8.2021 klo 10-15"},"content":{"rendered":"\n<p>Vuoden 2021 markkinat ovat j\u00e4rjestyksess\u00e4\u00e4n 38. kerta kun Askaisissa j\u00e4rjestet\u00e4\u00e4n Askaisten Kurkkumarkkinat. T\u00e4ss\u00e4 vaiheessa tiedet\u00e4\u00e4n jo, ett\u00e4 musiikista vastaa maskulainen b\u00e4ndi nimelt\u00e4\u00e4n Kyl\u00e4sep\u00e4t, kurkkuteemaisia maistiaisia l\u00f6ytyy Turun Keitti\u00f6mestareiden kojusta ja markkinais\u00e4nt\u00e4n\u00e4 luonnollisesti Markku Heikkil\u00e4.<\/p>\n\n\n\n<p>Mahdollisia alueellisia koronarajoituksia noudatetaan.<\/p>\n\n\n\n<p>Lis\u00e4tietoja tapahtumasta hein\u00e4kuun aikana.<\/p>\n","protected":false},"excerpt":{"rendered":"<p>Vuoden 2021 markkinat ovat j\u00e4rjestyksess\u00e4\u00e4n 38. kerta kun Askaisissa j\u00e4rjestet\u00e4\u00e4n Askaisten Kurkkumarkkinat. T\u00e4ss\u00e4 vaiheessa tiedet\u00e4\u00e4n jo, ett\u00e4 musiikista vastaa maskulainen b\u00e4ndi nimelt\u00e4\u00e4n Kyl\u00e4sep\u00e4t, kurkkuteemaisia maistiaisia l\u00f6ytyy Turun Keitti\u00f6mestareiden kojusta ja markkinais\u00e4nt\u00e4n\u00e4 luonnollisesti Markku Heikkil\u00e4. Mahdollisia alueellisia koronarajoituksia noudatetaan. Lis\u00e4tietoja tapahtumasta hein\u00e4kuun aikana.<\/p>\n","protected":false},"author":1,"featured_media":0,"comment_status":"closed","ping_status":"","sticky":false,"template":"","format":"standard","meta":{"ngg_post_thumbnail":0,"footnotes":""},"categories":[1],"tags":[16,7,17,19,18],"class_list":["post-321","post","type-post","status-publish","format-standard","hentry","category-yleinen","tag-16","tag-kurkkumarkkinat","tag-kylasepat","tag-markku-heikkila","tag-turun-keittiomestarit"],"_links":{"self":[{"href":"https:\/\/www.kurkkumarkkinat.fi\/index.php?rest_route=\/wp\/v2\/posts\/321","targetHints":{"allow":["GET"]}}],"collection":[{"href":"https:\/\/www.kurkkumarkkinat.fi\/index.php?rest_route=\/wp\/v2\/posts"}],"about":[{"href":"https:\/\/www.kurkkumarkkinat.fi\/index.php?rest_route=\/wp\/v2\/types\/post"}],"author":[{"embeddable":true,"href":"https:\/\/www.kurkkumarkkinat.fi\/index.php?rest_route=\/wp\/v2\/users\/1"}],"replies":[{"embeddable":true,"href":"https:\/\/www.kurkkumarkkinat.fi\/index.php?rest_route=%2Fwp%2Fv2%2Fcomments&post=321"}],"version-history":[{"count":0,"href":"https:\/\/www.kurkkumarkkinat.fi\/index.php?rest_route=\/wp\/v2\/posts\/321\/revisions"}],"wp:attachment":[{"href":"https:\/\/www.kurkkumarkkinat.fi\/index.php?rest_route=%2Fwp%2Fv2%2Fmedia&parent=321"}],"wp:term":[{"taxonomy":"category","embeddable":true,"href":"https:\/\/www.kurkkumarkkinat.fi\/index.php?rest_route=%2Fwp%2Fv2%2Fcategories&post=321"},{"taxonomy":"post_tag","embeddable":true,"href":"https:\/\/www.kurkkumarkkinat.fi\/index.php?rest_route=%2Fwp%2Fv2%2Ftags&post=321"}],"curies":[{"name":"wp","href":"https:\/\/api.w.org\/{rel}","templated":true}]}}